{"id":537,"date":"2017-01-03T18:55:27","date_gmt":"2017-01-03T17:55:27","guid":{"rendered":"http:\/\/www.liedertafel-schwertberg.at\/?p=537"},"modified":"2017-01-03T18:55:27","modified_gmt":"2017-01-03T17:55:27","slug":"probenstart","status":"publish","type":"post","link":"http:\/\/www.liedertafel-schwertberg.at\/?p=537","title":{"rendered":"Probenstart"},"content":{"rendered":"<div class=\"\" data-block=\"true\" data-editor=\"3ln8c\" data-offset-key=\"e8na1-0-0\">\n<div class=\"_1mf _1mj\" data-offset-key=\"e8na1-0-0\"><span data-offset-key=\"e8na1-0-0\"><span data-text=\"true\">An alle S\u00e4ngerinnen und S\u00e4nger da drau\u00dfen &#8211;&gt; Probenstart der Liedertafel Schwertberg ist am Donnerstag, 12. J\u00e4nner 2017 um 20.00 Uhr im alten Sitzungssaal der Gemeinde Schwertberg.<\/span><\/span><\/div>\n<\/div>\n<div class=\"\" data-block=\"true\" data-editor=\"3ln8c\" data-offset-key=\"5jn4e-0-0\">\n<div class=\"_1mf _1mj\" data-offset-key=\"5jn4e-0-0\"><span data-offset-key=\"5jn4e-0-0\"><span data-text=\"true\">Wir &#8222;alten Hasen&#8220; freuen uns schon sehr, wenn es wieder los geht und wir unsere Stimmen wieder zum klingen bringen. <\/span><\/span><\/div>\n<\/div>\n<div class=\"\" data-block=\"true\" data-editor=\"3ln8c\" data-offset-key=\"qr2c-0-0\">\n<div class=\"_1mf _1mj\" data-offset-key=\"qr2c-0-0\"><span data-offset-key=\"qr2c-0-0\">&nbsp;<\/span><\/div>\n<\/div>\n<div class=\"\" data-block=\"true\" data-editor=\"3ln8c\" data-offset-key=\"547sb-0-0\">\n<div class=\"_1mf _1mj\" data-offset-key=\"547sb-0-0\"><span data-offset-key=\"547sb-0-0\"><span data-text=\"true\">Was uns allerdings geradezu begeistern w\u00fcrde: Wenn neue Sopranistinnen, Altistinnen, Ten\u00f6re und B\u00e4sse unseren Chor verst\u00e4rken und einfach einmal bei einer Probe vorbei kommen &#8230;am besten gleich am 12.1.2017 \ud83d\ude42 Wir w\u00fcrden uns seeeehr freuen!<\/span><\/span><\/div>\n<\/div>\n","protected":false},"excerpt":{"rendered":"<p>An alle S\u00e4ngerinnen und S\u00e4nger da drau\u00dfen &#8211;&gt; Probenstart der Liedertafel Schwertberg ist am Donnerstag, 12. J\u00e4nner 2017 um 20.00 Uhr im alten Sitzungssaal der Gemeinde Schwertberg. Wir &#8222;alten Hasen&#8220; freuen uns schon sehr, wenn es wieder los geht und wir unsere Stimmen wieder zum klingen bringen. &nbsp; Was uns allerdings geradezu begeistern w\u00fcrde: Wenn &#8230;<\/p>\n","protected":false},"author":4,"featured_media":0,"comment_status":"closed","ping_status":"open","sticky":false,"template":"","format":"standard","meta":{"ngg_post_thumbnail":0,"footnotes":""},"categories":[1],"tags":[],"class_list":["post-537","post","type-post","status-publish","format-standard","hentry","category-allgemein"],"_links":{"self":[{"href":"http:\/\/www.liedertafel-schwertberg.at\/index.php?rest_route=\/wp\/v2\/posts\/537"}],"collection":[{"href":"http:\/\/www.liedertafel-schwertberg.at\/index.php?rest_route=\/wp\/v2\/posts"}],"about":[{"href":"http:\/\/www.liedertafel-schwertberg.at\/index.php?rest_route=\/wp\/v2\/types\/post"}],"author":[{"embeddable":true,"href":"http:\/\/www.liedertafel-schwertberg.at\/index.php?rest_route=\/wp\/v2\/users\/4"}],"replies":[{"embeddable":true,"href":"http:\/\/www.liedertafel-schwertberg.at\/index.php?rest_route=%2Fwp%2Fv2%2Fcomments&post=537"}],"version-history":[{"count":1,"href":"http:\/\/www.liedertafel-schwertberg.at\/index.php?rest_route=\/wp\/v2\/posts\/537\/revisions"}],"predecessor-version":[{"id":538,"href":"http:\/\/www.liedertafel-schwertberg.at\/index.php?rest_route=\/wp\/v2\/posts\/537\/revisions\/538"}],"wp:attachment":[{"href":"http:\/\/www.liedertafel-schwertberg.at\/index.php?rest_route=%2Fwp%2Fv2%2Fmedia&parent=537"}],"wp:term":[{"taxonomy":"category","embeddable":true,"href":"http:\/\/www.liedertafel-schwertberg.at\/index.php?rest_route=%2Fwp%2Fv2%2Fcategories&post=537"},{"taxonomy":"post_tag","embeddable":true,"href":"http:\/\/www.liedertafel-schwertberg.at\/index.php?rest_route=%2Fwp%2Fv2%2Ftags&post=537"}],"curies":[{"name":"wp","href":"https:\/\/api.w.org\/{rel}","templated":true}]}}